{"id":19768,"date":"2014-06-09T11:42:30","date_gmt":"2014-06-09T10:42:30","guid":{"rendered":"https:\/\/producta.comen\/2014\/06\/09\/producta-vignobles-talent-du-vin-2014\/"},"modified":"2016-05-12T10:11:25","modified_gmt":"2016-05-12T09:11:25","slug":"producta-vignobles-talent-du-vin-2014","status":"publish","type":"post","link":"https:\/\/producta.com\/en\/producta-vignobles-talent-du-vin-2014\/","title":{"rendered":"Producta Vignobles Talent du vin 2014"},"content":{"rendered":"<p><strong>Producta Vignobles, winner of the first edition of TALENTS DU VIN 2014, in the sales category<\/strong><\/p>\n<p>Highlighting the whole of the wine and vine sector was the objective of the first edition of Talents du Vin, organised by <em>La Tribune Objectif Aquitaine<\/em> on 25 June.\u00a0 The event saw Producta Vignobles crowned with the \u201csales\u201d prize. 10 prize winners from the Aquitaine region had put in place audacious, courageous and innovative initiatives in the categories of \u201cmanufacture, notable cellar, oenology, wine tourism, sales, innovation, marketing, and sustainable development\u201d.<\/p>\n<p>Producta Vignobles won the \u201csales\u201d prize for its \u201cremarkable\u201d increase in turnover of 47% in 7 years to reach EUR 56 million in 2013, or 14% more than in 2012. \u201cIt is anything but a miracle, it is the fruit of the work of a solid team and a strategy that rests on perfect knowledge of the market and client expectations,\u201d said Gilles Berty, Managing Director. \u201cIt is also a company that has made almost ideological choices by reason of its cooperative ownership by 4 cellars and unions of 2500 growers, like that of selling only the wines of Bordeaux and Bergerac.<\/p>\n<p>\u201cIts status as a merchant with cooperative shareholders makes Producta Vignobles a unique sales tool in Bordeaux, one of its key success factors,\u201d he added.<\/p>\n<p>The Jury was made up of well-known figures from the profession: Bertrand Bijasson (Sommeliers d\u2019Aquitaine), Fabien Bova (CIVB), Paul Andr\u00e9 Barriat (CIVRB), Gilles Brianceau (Inno\u2019vin), Sylvie Cazes (Cit\u00e9 des civilisations du vin), Anne Cusson (Vinexpo), Louis Fleury (Chambre d\u2019agriculture de la Gironde), Didier Grandeau (F\u00e9d\u00e9ration des n\u00e9gociants en vin du Sud-Ouest), Herv\u00e9 Grandeau (Syndicat des Bordeaux et Bordeaux Sup\u00e9rieur), Corinne Hennequin (H\u00e9misph\u00e8re Sud), Daniel Mouty (F\u00e9d\u00e9ration des Vignerons Ind\u00e9pendants d\u2019Aquitaine), Jacques-Olivier Pesme (Kedge Business School), Allan Sichel (Union des Maisons Bordelaises) and Myl\u00e8ne Villanove (Bordeaux City Hall).<\/p>\n","protected":false},"excerpt":{"rendered":"Producta Vignobles, winner of the first edition of TALENTS DU VIN 2014, in the sales category Highlighting the whole of the wine and vine sector was the objective of the first edition of Talents du Vin, organised by La Tribune Objectif Aquitaine on 25 June.\u00a0 The event saw Producta Vignobles crowned with the \u201csales\u201d prize. [&hellip;]","protected":false},"author":740064,"featured_media":15862,"comment_status":"closed","ping_status":"closed","sticky":false,"template":"","format":"standard","meta":{"_acf_changed":false,"footnotes":""},"categories":[5],"tags":[],"class_list":["post-19768","post","type-post","status-publish","format-standard","has-post-thumbnail","hentry","category-uncategorized"],"acf":[],"yoast_head":"<!-- This site is optimized with the Yoast SEO plugin v27.2 - https:\/\/yoast.com\/product\/yoast-seo-wordpress\/ -->\n<title>Producta Vignobles Talent du vin 2014 - Producta Vignobles<\/title>\n<meta name=\"robots\" content=\"index, follow, max-snippet:-1, max-image-preview:large, max-video-preview:-1\" \/>\n<link rel=\"canonical\" href=\"https:\/\/producta.dev3.kaizen-developments.com\/?p=42\" \/>\n<meta property=\"og:locale\" content=\"en_GB\" \/>\n<meta property=\"og:type\" content=\"article\" \/>\n<meta property=\"og:title\" content=\"Producta Vignobles Talent du vin 2014 - Producta Vignobles\" \/>\n<meta property=\"og:description\" content=\"Producta Vignobles, winner of the first edition of TALENTS DU VIN 2014, in the sales category Highlighting the whole of the wine and vine sector was the objective of the first edition of Talents du Vin, organised by La Tribune Objectif Aquitaine on 25 June.\u00a0 The event saw Producta Vignobles crowned with the \u201csales\u201d prize. [&hellip;]\" \/>\n<meta property=\"og:url\" content=\"https:\/\/producta.dev3.kaizen-developments.com\/?p=42\" \/>\n<meta property=\"og:site_name\" content=\"Producta Vignobles\" \/>\n<meta property=\"article:publisher\" content=\"https:\/\/www.facebook.com\/ProductaVignobles\" \/>\n<meta property=\"article:published_time\" content=\"2014-06-09T10:42:30+00:00\" \/>\n<meta property=\"article:modified_time\" content=\"2016-05-12T09:11:25+00:00\" \/>\n<meta property=\"og:image\" content=\"https:\/\/producta.dev3.kaizen-developments.com\/wp-content\/uploads\/2015\/11\/talent.jpg\" \/>\n\t<meta property=\"og:image:width\" content=\"340\" \/>\n\t<meta property=\"og:image:height\" content=\"340\" \/>\n\t<meta property=\"og:image:type\" content=\"image\/jpeg\" \/>\n<meta name=\"author\" content=\"Mara Mauriet\" \/>\n<meta name=\"twitter:card\" content=\"summary_large_image\" \/>\n<meta name=\"twitter:creator\" content=\"@productavign_\" \/>\n<meta name=\"twitter:site\" content=\"@productavign_\" \/>\n<meta name=\"twitter:label1\" content=\"Written by\" \/>\n\t<meta name=\"twitter:data1\" content=\"Mara Mauriet\" \/>\n\t<meta name=\"twitter:label2\" content=\"Estimated reading time\" \/>\n\t<meta name=\"twitter:data2\" content=\"2 minutes\" \/>\n<script type=\"application\/ld+json\" class=\"yoast-schema-graph\">{\"@context\":\"https:\/\/schema.org\",\"@graph\":[{\"@type\":\"Article\",\"@id\":\"https:\/\/producta.dev3.kaizen-developments.com\/?p=42#article\",\"isPartOf\":{\"@id\":\"https:\/\/producta.dev3.kaizen-developments.com\/?p=42\"},\"author\":{\"name\":\"Mara Mauriet\",\"@id\":\"https:\/\/producta.dev3.kaizen-developments.com\/#\/schema\/person\/5d6aa0bcee9133efd24e21286fefea19\"},\"headline\":\"Producta Vignobles Talent du vin 2014\",\"datePublished\":\"2014-06-09T10:42:30+00:00\",\"dateModified\":\"2016-05-12T09:11:25+00:00\",\"mainEntityOfPage\":{\"@id\":\"https:\/\/producta.dev3.kaizen-developments.com\/?p=42\"},\"wordCount\":309,\"image\":{\"@id\":\"https:\/\/producta.dev3.kaizen-developments.com\/?p=42#primaryimage\"},\"thumbnailUrl\":\"https:\/\/producta.com\/wp-content\/uploads\/2015\/11\/talent.jpg\",\"articleSection\":[\"Uncategorized\"],\"inLanguage\":\"en-GB\"},{\"@type\":\"WebPage\",\"@id\":\"https:\/\/producta.dev3.kaizen-developments.com\/?p=42\",\"url\":\"https:\/\/producta.dev3.kaizen-developments.com\/?p=42\",\"name\":\"Producta Vignobles Talent du vin 2014 - Producta Vignobles\",\"isPartOf\":{\"@id\":\"https:\/\/producta.dev3.kaizen-developments.com\/#website\"},\"primaryImageOfPage\":{\"@id\":\"https:\/\/producta.dev3.kaizen-developments.com\/?p=42#primaryimage\"},\"image\":{\"@id\":\"https:\/\/producta.dev3.kaizen-developments.com\/?p=42#primaryimage\"},\"thumbnailUrl\":\"https:\/\/producta.com\/wp-content\/uploads\/2015\/11\/talent.jpg\",\"datePublished\":\"2014-06-09T10:42:30+00:00\",\"dateModified\":\"2016-05-12T09:11:25+00:00\",\"author\":{\"@id\":\"https:\/\/producta.dev3.kaizen-developments.com\/#\/schema\/person\/5d6aa0bcee9133efd24e21286fefea19\"},\"breadcrumb\":{\"@id\":\"https:\/\/producta.dev3.kaizen-developments.com\/?p=42#breadcrumb\"},\"inLanguage\":\"en-GB\",\"potentialAction\":[{\"@type\":\"ReadAction\",\"target\":[\"https:\/\/producta.dev3.kaizen-developments.com\/?p=42\"]}]},{\"@type\":\"ImageObject\",\"inLanguage\":\"en-GB\",\"@id\":\"https:\/\/producta.dev3.kaizen-developments.com\/?p=42#primaryimage\",\"url\":\"https:\/\/producta.com\/wp-content\/uploads\/2015\/11\/talent.jpg\",\"contentUrl\":\"https:\/\/producta.com\/wp-content\/uploads\/2015\/11\/talent.jpg\",\"width\":340,\"height\":340},{\"@type\":\"BreadcrumbList\",\"@id\":\"https:\/\/producta.dev3.kaizen-developments.com\/?p=42#breadcrumb\",\"itemListElement\":[{\"@type\":\"ListItem\",\"position\":1,\"name\":\"Accueil\",\"item\":\"https:\/\/producta.dev3.kaizen-developments.com\/en\/\"},{\"@type\":\"ListItem\",\"position\":2,\"name\":\"Producta Vignobles Talent du vin 2014\"}]},{\"@type\":\"WebSite\",\"@id\":\"https:\/\/producta.dev3.kaizen-developments.com\/#website\",\"url\":\"https:\/\/producta.dev3.kaizen-developments.com\/\",\"name\":\"Producta Vignobles\",\"description\":\"L&#039;expression Bordeaux\",\"potentialAction\":[{\"@type\":\"SearchAction\",\"target\":{\"@type\":\"EntryPoint\",\"urlTemplate\":\"https:\/\/producta.dev3.kaizen-developments.com\/?s={search_term_string}\"},\"query-input\":{\"@type\":\"PropertyValueSpecification\",\"valueRequired\":true,\"valueName\":\"search_term_string\"}}],\"inLanguage\":\"en-GB\"},{\"@type\":\"Person\",\"@id\":\"https:\/\/producta.dev3.kaizen-developments.com\/#\/schema\/person\/5d6aa0bcee9133efd24e21286fefea19\",\"name\":\"Mara Mauriet\",\"image\":{\"@type\":\"ImageObject\",\"inLanguage\":\"en-GB\",\"@id\":\"https:\/\/secure.gravatar.com\/avatar\/bae8577b4e9cb9316eebbf30f979d621c4faff5f369c73dc5742e2797b441d5f?s=96&d=mm&r=g\",\"url\":\"https:\/\/secure.gravatar.com\/avatar\/bae8577b4e9cb9316eebbf30f979d621c4faff5f369c73dc5742e2797b441d5f?s=96&d=mm&r=g\",\"contentUrl\":\"https:\/\/secure.gravatar.com\/avatar\/bae8577b4e9cb9316eebbf30f979d621c4faff5f369c73dc5742e2797b441d5f?s=96&d=mm&r=g\",\"caption\":\"Mara Mauriet\"},\"sameAs\":[\"http:\/\/www.producta-vignobles.com\"],\"url\":\"https:\/\/producta.com\/en\/author\/mara-mauriet\/\"}]}<\/script>\n<!-- \/ Yoast SEO plugin. -->","yoast_head_json":{"title":"Producta Vignobles Talent du vin 2014 - Producta Vignobles","robots":{"index":"index","follow":"follow","max-snippet":"max-snippet:-1","max-image-preview":"max-image-preview:large","max-video-preview":"max-video-preview:-1"},"canonical":"https:\/\/producta.dev3.kaizen-developments.com\/?p=42","og_locale":"en_GB","og_type":"article","og_title":"Producta Vignobles Talent du vin 2014 - Producta Vignobles","og_description":"Producta Vignobles, winner of the first edition of TALENTS DU VIN 2014, in the sales category Highlighting the whole of the wine and vine sector was the objective of the first edition of Talents du Vin, organised by La Tribune Objectif Aquitaine on 25 June.\u00a0 The event saw Producta Vignobles crowned with the \u201csales\u201d prize. [&hellip;]","og_url":"https:\/\/producta.dev3.kaizen-developments.com\/?p=42","og_site_name":"Producta Vignobles","article_publisher":"https:\/\/www.facebook.com\/ProductaVignobles","article_published_time":"2014-06-09T10:42:30+00:00","article_modified_time":"2016-05-12T09:11:25+00:00","og_image":[{"width":340,"height":340,"url":"https:\/\/producta.dev3.kaizen-developments.com\/wp-content\/uploads\/2015\/11\/talent.jpg","type":"image\/jpeg"}],"author":"Mara Mauriet","twitter_card":"summary_large_image","twitter_creator":"@productavign_","twitter_site":"@productavign_","twitter_misc":{"Written by":"Mara Mauriet","Estimated reading time":"2 minutes"},"schema":{"@context":"https:\/\/schema.org","@graph":[{"@type":"Article","@id":"https:\/\/producta.dev3.kaizen-developments.com\/?p=42#article","isPartOf":{"@id":"https:\/\/producta.dev3.kaizen-developments.com\/?p=42"},"author":{"name":"Mara Mauriet","@id":"https:\/\/producta.dev3.kaizen-developments.com\/#\/schema\/person\/5d6aa0bcee9133efd24e21286fefea19"},"headline":"Producta Vignobles Talent du vin 2014","datePublished":"2014-06-09T10:42:30+00:00","dateModified":"2016-05-12T09:11:25+00:00","mainEntityOfPage":{"@id":"https:\/\/producta.dev3.kaizen-developments.com\/?p=42"},"wordCount":309,"image":{"@id":"https:\/\/producta.dev3.kaizen-developments.com\/?p=42#primaryimage"},"thumbnailUrl":"https:\/\/producta.com\/wp-content\/uploads\/2015\/11\/talent.jpg","articleSection":["Uncategorized"],"inLanguage":"en-GB"},{"@type":"WebPage","@id":"https:\/\/producta.dev3.kaizen-developments.com\/?p=42","url":"https:\/\/producta.dev3.kaizen-developments.com\/?p=42","name":"Producta Vignobles Talent du vin 2014 - Producta Vignobles","isPartOf":{"@id":"https:\/\/producta.dev3.kaizen-developments.com\/#website"},"primaryImageOfPage":{"@id":"https:\/\/producta.dev3.kaizen-developments.com\/?p=42#primaryimage"},"image":{"@id":"https:\/\/producta.dev3.kaizen-developments.com\/?p=42#primaryimage"},"thumbnailUrl":"https:\/\/producta.com\/wp-content\/uploads\/2015\/11\/talent.jpg","datePublished":"2014-06-09T10:42:30+00:00","dateModified":"2016-05-12T09:11:25+00:00","author":{"@id":"https:\/\/producta.dev3.kaizen-developments.com\/#\/schema\/person\/5d6aa0bcee9133efd24e21286fefea19"},"breadcrumb":{"@id":"https:\/\/producta.dev3.kaizen-developments.com\/?p=42#breadcrumb"},"inLanguage":"en-GB","potentialAction":[{"@type":"ReadAction","target":["https:\/\/producta.dev3.kaizen-developments.com\/?p=42"]}]},{"@type":"ImageObject","inLanguage":"en-GB","@id":"https:\/\/producta.dev3.kaizen-developments.com\/?p=42#primaryimage","url":"https:\/\/producta.com\/wp-content\/uploads\/2015\/11\/talent.jpg","contentUrl":"https:\/\/producta.com\/wp-content\/uploads\/2015\/11\/talent.jpg","width":340,"height":340},{"@type":"BreadcrumbList","@id":"https:\/\/producta.dev3.kaizen-developments.com\/?p=42#breadcrumb","itemListElement":[{"@type":"ListItem","position":1,"name":"Accueil","item":"https:\/\/producta.dev3.kaizen-developments.com\/en\/"},{"@type":"ListItem","position":2,"name":"Producta Vignobles Talent du vin 2014"}]},{"@type":"WebSite","@id":"https:\/\/producta.dev3.kaizen-developments.com\/#website","url":"https:\/\/producta.dev3.kaizen-developments.com\/","name":"Producta Vignobles","description":"L&#039;expression Bordeaux","potentialAction":[{"@type":"SearchAction","target":{"@type":"EntryPoint","urlTemplate":"https:\/\/producta.dev3.kaizen-developments.com\/?s={search_term_string}"},"query-input":{"@type":"PropertyValueSpecification","valueRequired":true,"valueName":"search_term_string"}}],"inLanguage":"en-GB"},{"@type":"Person","@id":"https:\/\/producta.dev3.kaizen-developments.com\/#\/schema\/person\/5d6aa0bcee9133efd24e21286fefea19","name":"Mara Mauriet","image":{"@type":"ImageObject","inLanguage":"en-GB","@id":"https:\/\/secure.gravatar.com\/avatar\/bae8577b4e9cb9316eebbf30f979d621c4faff5f369c73dc5742e2797b441d5f?s=96&d=mm&r=g","url":"https:\/\/secure.gravatar.com\/avatar\/bae8577b4e9cb9316eebbf30f979d621c4faff5f369c73dc5742e2797b441d5f?s=96&d=mm&r=g","contentUrl":"https:\/\/secure.gravatar.com\/avatar\/bae8577b4e9cb9316eebbf30f979d621c4faff5f369c73dc5742e2797b441d5f?s=96&d=mm&r=g","caption":"Mara Mauriet"},"sameAs":["http:\/\/www.producta-vignobles.com"],"url":"https:\/\/producta.com\/en\/author\/mara-mauriet\/"}]}},"_links":{"self":[{"href":"https:\/\/producta.com\/en\/wp-json\/wp\/v2\/posts\/19768","targetHints":{"allow":["GET"]}}],"collection":[{"href":"https:\/\/producta.com\/en\/wp-json\/wp\/v2\/posts"}],"about":[{"href":"https:\/\/producta.com\/en\/wp-json\/wp\/v2\/types\/post"}],"author":[{"embeddable":true,"href":"https:\/\/producta.com\/en\/wp-json\/wp\/v2\/users\/740064"}],"replies":[{"embeddable":true,"href":"https:\/\/producta.com\/en\/wp-json\/wp\/v2\/comments?post=19768"}],"version-history":[{"count":0,"href":"https:\/\/producta.com\/en\/wp-json\/wp\/v2\/posts\/19768\/revisions"}],"wp:featuredmedia":[{"embeddable":true,"href":"https:\/\/producta.com\/en\/wp-json\/wp\/v2\/media\/15862"}],"wp:attachment":[{"href":"https:\/\/producta.com\/en\/wp-json\/wp\/v2\/media?parent=19768"}],"wp:term":[{"taxonomy":"category","embeddable":true,"href":"https:\/\/producta.com\/en\/wp-json\/wp\/v2\/categories?post=19768"},{"taxonomy":"post_tag","embeddable":true,"href":"https:\/\/producta.com\/en\/wp-json\/wp\/v2\/tags?post=19768"}],"curies":[{"name":"wp","href":"https:\/\/api.w.org\/{rel}","templated":true}]}}